{"id":18956,"date":"2025-12-02T20:17:40","date_gmt":"2025-12-02T20:17:40","guid":{"rendered":"https:\/\/www.fceune.edu.py\/v2\/?p=18956"},"modified":"2026-02-18T13:42:54","modified_gmt":"2026-02-18T13:42:54","slug":"participacion-en-el-xxiv-congreso-internacional-de-gestion-universitaria-cigu-2025","status":"publish","type":"post","link":"https:\/\/www.fceune.edu.py\/v2\/index.php\/2025\/12\/02\/participacion-en-el-xxiv-congreso-internacional-de-gestion-universitaria-cigu-2025\/","title":{"rendered":"Participaci\u00f3n en el XXIV Congreso Internacional de Gesti\u00f3n Universitaria (CIGU 2025)"},"content":{"rendered":"<p><strong><em><a href=\"https:\/\/i0.wp.com\/www.fceune.edu.py\/v2\/wp-content\/uploads\/2025\/12\/WhatsApp-Image-2025-11-27-at-08.56.03-e1764719312376.jpeg?ssl=1\"><img data-recalc-dims=\"1\" decoding=\"async\" data-attachment-id=\"18958\" data-permalink=\"https:\/\/www.fceune.edu.py\/v2\/index.php\/2025\/12\/02\/participacion-en-el-xxiv-congreso-internacional-de-gestion-universitaria-cigu-2025\/whatsapp-image-2025-11-27-at-08-56-03\/\" data-orig-file=\"https:\/\/i0.wp.com\/www.fceune.edu.py\/v2\/wp-content\/uploads\/2025\/12\/WhatsApp-Image-2025-11-27-at-08.56.03-e1764719312376.jpeg?fit=1218%2C474&amp;ssl=1\" data-orig-size=\"1218,474\" data-comments-opened=\"0\" data-image-meta=\"{&quot;aperture&quot;:&quot;0&quot;,&quot;credit&quot;:&quot;&quot;,&quot;camera&quot;:&quot;&quot;,&quot;caption&quot;:&quot;&quot;,&quot;created_timestamp&quot;:&quot;0&quot;,&quot;copyright&quot;:&quot;&quot;,&quot;focal_length&quot;:&quot;0&quot;,&quot;iso&quot;:&quot;0&quot;,&quot;shutter_speed&quot;:&quot;0&quot;,&quot;title&quot;:&quot;&quot;,&quot;orientation&quot;:&quot;0&quot;}\" data-image-title=\"WhatsApp Image 2025-11-27 at 08.56.03\" data-image-description=\"\" data-image-caption=\"\" data-medium-file=\"https:\/\/i0.wp.com\/www.fceune.edu.py\/v2\/wp-content\/uploads\/2025\/12\/WhatsApp-Image-2025-11-27-at-08.56.03-e1764719312376.jpeg?fit=300%2C117&amp;ssl=1\" data-large-file=\"https:\/\/i0.wp.com\/www.fceune.edu.py\/v2\/wp-content\/uploads\/2025\/12\/WhatsApp-Image-2025-11-27-at-08.56.03-e1764719312376.jpeg?fit=940%2C366&amp;ssl=1\" class=\"wp-image-18958 size-medium alignleft\" src=\"https:\/\/i0.wp.com\/www.fceune.edu.py\/v2\/wp-content\/uploads\/2025\/12\/WhatsApp-Image-2025-11-27-at-08.56.03-e1764719312376-300x117.jpeg?resize=300%2C117&#038;ssl=1\" alt=\"\" width=\"300\" height=\"117\" srcset=\"https:\/\/i0.wp.com\/www.fceune.edu.py\/v2\/wp-content\/uploads\/2025\/12\/WhatsApp-Image-2025-11-27-at-08.56.03-e1764719312376.jpeg?resize=300%2C117&amp;ssl=1 300w, https:\/\/i0.wp.com\/www.fceune.edu.py\/v2\/wp-content\/uploads\/2025\/12\/WhatsApp-Image-2025-11-27-at-08.56.03-e1764719312376.jpeg?resize=1024%2C399&amp;ssl=1 1024w, https:\/\/i0.wp.com\/www.fceune.edu.py\/v2\/wp-content\/uploads\/2025\/12\/WhatsApp-Image-2025-11-27-at-08.56.03-e1764719312376.jpeg?resize=768%2C299&amp;ssl=1 768w, https:\/\/i0.wp.com\/www.fceune.edu.py\/v2\/wp-content\/uploads\/2025\/12\/WhatsApp-Image-2025-11-27-at-08.56.03-e1764719312376.jpeg?w=1218&amp;ssl=1 1218w\" sizes=\"(max-width: 300px) 100vw, 300px\" \/><\/a>La Facultad de Ciencias Econ\u00f3micas de la UNE, a trav\u00e9s de la Enc. de Despacho de la Direcci\u00f3n de Investigaci\u00f3n, Prof. M.Sc. Karen Natali Backes Dos Santos, tuvo una destacada participaci\u00f3n en el XXIV Congreso Internacional de Gesti\u00f3n Universitaria (CIGU 2025), realizado del 24 al 26 de noviembre de 2025 en Florian\u00f3polis, Santa Catarina, Brasil.<\/em><\/strong><\/p>\n<p>El encuentro reuni\u00f3 a investigadores, gestores y autoridades de instituciones de educaci\u00f3n superior de diversos pa\u00edses, con el prop\u00f3sito de reflexionar sobre los desaf\u00edos actuales de la gesti\u00f3n universitaria, la gobernanza y el desarrollo sostenible.<\/p>\n<p>Entre los principales objetivos del Congreso se destacaron:<\/p>\n<p>&#8211; Fortalecer el liderazgo en las Instituciones de Educaci\u00f3n Superior (IES), promoviendo la cooperaci\u00f3n internacional y los intercambios acad\u00e9micos, cient\u00edficos y culturales.<\/p>\n<p>&#8211; Producir estudios sistem\u00e1ticos sobre nuevos enfoques y modelos de gesti\u00f3n estrat\u00e9gica y gobernanza universitaria.<\/p>\n<p>&#8211; Profundizar el debate sobre el aporte de las IES al desarrollo sostenible de sus comunidades frente a contextos de crisis y cambio.<\/p>\n<p>&#8211; Compartir experiencias de innovaci\u00f3n y desarrollo en los \u00e1mbitos de la ense\u00f1anza, la investigaci\u00f3n, la extensi\u00f3n, la vinculaci\u00f3n y la gesti\u00f3n universitaria.<\/p>\n<p>La participaci\u00f3n en este prestigioso evento fortalece el posicionamiento internacional de la FCE-UNE, contribuye a la consolidaci\u00f3n de redes de cooperaci\u00f3n acad\u00e9mica y reafirma el compromiso institucional con la calidad, la investigaci\u00f3n y la gesti\u00f3n universitaria.<\/p>\n","protected":false},"excerpt":{"rendered":"<p>La Facultad de Ciencias Econ\u00f3micas de la UNE, a trav\u00e9s de la Enc. de Despacho de la Direcci\u00f3n de Investigaci\u00f3n, Prof. M.Sc. Karen Natali Backes Dos Santos, tuvo una destacada participaci\u00f3n en el XXIV Congreso Internacional de Gesti\u00f3n Universitaria (CIGU 2025), realizado del 24 al 26 de noviembre de 2025 en Florian\u00f3polis, Santa Catarina, Brasil. [&hellip;]<\/p>\n","protected":false},"author":3,"featured_media":18958,"comment_status":"closed","ping_status":"closed","sticky":false,"template":"","format":"standard","meta":{"jetpack_post_was_ever_published":false,"_jetpack_newsletter_access":"","_jetpack_dont_email_post_to_subs":false,"_jetpack_newsletter_tier_id":0,"_jetpack_memberships_contains_paywalled_content":false,"_jetpack_memberships_contains_paid_content":false,"footnotes":"","jetpack_publicize_message":"","jetpack_publicize_feature_enabled":true,"jetpack_social_post_already_shared":true,"jetpack_social_options":{"image_generator_settings":{"template":"highway","default_image_id":0,"enabled":false},"version":2}},"categories":[6,27],"tags":[],"class_list":["post-18956","post","type-post","status-publish","format-standard","has-post-thumbnail","hentry","category-institucional","category-noticias"],"jetpack_publicize_connections":[],"jetpack_featured_media_url":"https:\/\/i0.wp.com\/www.fceune.edu.py\/v2\/wp-content\/uploads\/2025\/12\/WhatsApp-Image-2025-11-27-at-08.56.03-e1764719312376.jpeg?fit=1218%2C474&ssl=1","jetpack_sharing_enabled":true,"jetpack_shortlink":"https:\/\/wp.me\/p9WOX6-4VK","jetpack-related-posts":[],"_links":{"self":[{"href":"https:\/\/www.fceune.edu.py\/v2\/index.php\/wp-json\/wp\/v2\/posts\/18956","targetHints":{"allow":["GET"]}}],"collection":[{"href":"https:\/\/www.fceune.edu.py\/v2\/index.php\/wp-json\/wp\/v2\/posts"}],"about":[{"href":"https:\/\/www.fceune.edu.py\/v2\/index.php\/wp-json\/wp\/v2\/types\/post"}],"author":[{"embeddable":true,"href":"https:\/\/www.fceune.edu.py\/v2\/index.php\/wp-json\/wp\/v2\/users\/3"}],"replies":[{"embeddable":true,"href":"https:\/\/www.fceune.edu.py\/v2\/index.php\/wp-json\/wp\/v2\/comments?post=18956"}],"version-history":[{"count":1,"href":"https:\/\/www.fceune.edu.py\/v2\/index.php\/wp-json\/wp\/v2\/posts\/18956\/revisions"}],"predecessor-version":[{"id":18959,"href":"https:\/\/www.fceune.edu.py\/v2\/index.php\/wp-json\/wp\/v2\/posts\/18956\/revisions\/18959"}],"wp:featuredmedia":[{"embeddable":true,"href":"https:\/\/www.fceune.edu.py\/v2\/index.php\/wp-json\/wp\/v2\/media\/18958"}],"wp:attachment":[{"href":"https:\/\/www.fceune.edu.py\/v2\/index.php\/wp-json\/wp\/v2\/media?parent=18956"}],"wp:term":[{"taxonomy":"category","embeddable":true,"href":"https:\/\/www.fceune.edu.py\/v2\/index.php\/wp-json\/wp\/v2\/categories?post=18956"},{"taxonomy":"post_tag","embeddable":true,"href":"https:\/\/www.fceune.edu.py\/v2\/index.php\/wp-json\/wp\/v2\/tags?post=18956"}],"curies":[{"name":"wp","href":"https:\/\/api.w.org\/{rel}","templated":true}]}}